{"id":6291,"date":"2026-01-20T06:00:00","date_gmt":"2026-01-20T06:00:00","guid":{"rendered":"https:\/\/www.ototech.es\/?p=6291"},"modified":"2025-12-01T11:45:21","modified_gmt":"2025-12-01T11:45:21","slug":"deshidratacion-efectos-sistema-auditivo","status":"publish","type":"post","link":"https:\/\/www.ototech.es\/en\/blog\/deshidratacion-efectos-sistema-auditivo\/","title":{"rendered":"Deshidrataci\u00f3n: Sus efectos en el sistema auditivo"},"content":{"rendered":"\n<p>Cuando nuestro cuerpo pierde agua y electrolitos a trav\u00e9s del sudor, esto puede llevar a una serie de problemas, incluidos mareos, v\u00e9rtigos y ac\u00fafenos. Estos s\u00edntomas a menudo est\u00e1n relacionados con la tensi\u00f3n arterial baja y pueden causar molestias significativas en nuestra vida diaria. Desde<strong> Ototech, expertos en <a href=\"https:\/\/www.ototech.es\/landing-acufenos\/\" target=\"_blank\" rel=\"noreferrer noopener\">ac\u00fafenos<\/a>, <a href=\"https:\/\/www.ototech.es\/vertigos\/\" target=\"_blank\" rel=\"noreferrer noopener\">v\u00e9rtigos<\/a> e<a href=\"https:\/\/www.ototech.es\/hipoacusia\/\" target=\"_blank\" rel=\"noreferrer noopener\"> hipoacusia<\/a> en Barcelona, <\/strong>explicaremos la relaci\u00f3n entre la deshidrataci\u00f3n y los problemas de equilibrio y audici\u00f3n, as\u00ed como las formas de determinar si estos s\u00edntomas se deben a la falta de hidrataci\u00f3n y qu\u00e9 hacer al respecto.<\/p>\n\n\n\n<div id=\"ez-toc-container\" class=\"ez-toc-v2_0_82_2 counter-hierarchy ez-toc-counter ez-toc-custom ez-toc-container-direction\">\n<div class=\"ez-toc-title-container\"><p class=\"ez-toc-title\" style=\"cursor:inherit\">\u00cdndice del art\u00edculo<\/p>\n<\/div><nav><ul class='ez-toc-list ez-toc-list-level-1 ' ><li class='ez-toc-page-1 ez-toc-heading-level-2'><a class=\"ez-toc-link ez-toc-heading-1\" href=\"https:\/\/www.ototech.es\/en\/blog\/deshidratacion-efectos-sistema-auditivo\/#Relacion_entre_la_deshidratacion_y_los_problemas_auditivos_y_de_equilibrio\" >Relaci\u00f3n entre la deshidrataci\u00f3n y los problemas auditivos y de equilibrio<\/a><\/li><li class='ez-toc-page-1 ez-toc-heading-level-2'><a class=\"ez-toc-link ez-toc-heading-2\" href=\"https:\/\/www.ototech.es\/en\/blog\/deshidratacion-efectos-sistema-auditivo\/#%C2%BFComo_saber_si_los_problemas_auditivos_y_de_equilibrio_se_deben_a_la_deshidratacion\" >\u00bfC\u00f3mo saber si los problemas auditivos y de equilibrio se deben a la deshidrataci\u00f3n?<\/a><\/li><li class='ez-toc-page-1 ez-toc-heading-level-2'><a class=\"ez-toc-link ez-toc-heading-3\" href=\"https:\/\/www.ototech.es\/en\/blog\/deshidratacion-efectos-sistema-auditivo\/#Tratamiento_de_la_deshidratacion_y_de_los_problemas_auditivos_y_de_equilibrio\" >Tratamiento de la deshidrataci\u00f3n y de los problemas auditivos y de equilibrio<\/a><\/li><li class='ez-toc-page-1 ez-toc-heading-level-2'><a class=\"ez-toc-link ez-toc-heading-4\" href=\"https:\/\/www.ototech.es\/en\/blog\/deshidratacion-efectos-sistema-auditivo\/#Prevencion_de_la_deshidratacion_y_de_los_problemas_auditivos_y_de_equilibrio\" >Prevenci\u00f3n de la deshidrataci\u00f3n y de los problemas auditivos y de equilibrio<\/a><\/li><\/ul><\/nav><\/div>\n<h2 class=\"wp-block-heading\"><span class=\"ez-toc-section\" id=\"Relacion_entre_la_deshidratacion_y_los_problemas_auditivos_y_de_equilibrio\"><\/span>Relaci\u00f3n entre la deshidrataci\u00f3n y los problemas auditivos y de equilibrio<span class=\"ez-toc-section-end\"><\/span><\/h2>\n\n\n\n<p>La deshidrataci\u00f3n ocurre cuando no reponemos adecuadamente el agua que perdemos a trav\u00e9s del sudor, la respiraci\u00f3n y la eliminaci\u00f3n de desechos. Si sudamos en exceso y, si no bebemos suficiente agua, el equilibrio en nuestro cuerpo se ve afectado. La deshidrataci\u00f3n puede provocar una disminuci\u00f3n del volumen sangu\u00edneo y, como resultado, una disminuci\u00f3n de la presi\u00f3n arterial.<\/p>\n\n\n\n<p>Cuando la presi\u00f3n arterial baja, pueden surgir problemas de equilibrio y audici\u00f3n. Los mareos y v\u00e9rtigos son s\u00edntomas comunes de la tensi\u00f3n arterial baja, ya que el suministro de sangre al cerebro puede disminuir. Estos s\u00edntomas a menudo se describen como una sensaci\u00f3n de inestabilidad o como si el entorno estuviera girando. Adem\u00e1s, la deshidrataci\u00f3n puede afectar la circulaci\u00f3n en el o\u00eddo interno, lo que puede desencadenar ac\u00fafenos o zumbidos en los o\u00eddos.<\/p>\n\n\n\n<h2 class=\"wp-block-heading\"><span class=\"ez-toc-section\" id=\"%C2%BFComo_saber_si_los_problemas_auditivos_y_de_equilibrio_se_deben_a_la_deshidratacion\"><\/span>\u00bfC\u00f3mo saber si los problemas auditivos y de equilibrio se deben a la deshidrataci\u00f3n?<span class=\"ez-toc-section-end\"><\/span><\/h2>\n\n\n\n<p>Es importante destacar que los problemas de equilibrio y audici\u00f3n pueden tener diversas causas, y no todos los casos se deben necesariamente a la deshidrataci\u00f3n. Otras condiciones m\u00e9dicas, como los trastornos del o\u00eddo interno o los problemas neurol\u00f3gicos, tambi\u00e9n pueden provocar s\u00edntomas similares. Por lo tanto, es fundamental consultar a un m\u00e9dico para obtener un diagn\u00f3stico preciso.<\/p>\n\n\n\n<p>Determinar si los problemas de equilibrio y audici\u00f3n est\u00e1n relacionados con la deshidrataci\u00f3n puede requerir una evaluaci\u00f3n m\u00e9dica exhaustiva. El m\u00e9dico realizar\u00e1 un historial cl\u00ednico completo y realizar\u00e1 pruebas, como an\u00e1lisis de sangre, para evaluar los niveles de agua y electrolitos en el cuerpo. Adem\u00e1s, pueden ser necesarios estudios especializados, como una audiometr\u00eda, para evaluar la funci\u00f3n auditiva.<\/p>\n\n\n\n<h2 class=\"wp-block-heading\"><span class=\"ez-toc-section\" id=\"Tratamiento_de_la_deshidratacion_y_de_los_problemas_auditivos_y_de_equilibrio\"><\/span>Tratamiento de la deshidrataci\u00f3n y de los problemas auditivos y de equilibrio<span class=\"ez-toc-section-end\"><\/span><\/h2>\n\n\n\n<p>En casos de deshidrataci\u00f3n leve, el aumento de la ingesta de agua puede ser suficiente para aliviar los s\u00edntomas de mareos, v\u00e9rtigos y ac\u00fafenos. Sin embargo, en casos m\u00e1s graves de deshidrataci\u00f3n, es posible que sea necesario buscar atenci\u00f3n m\u00e9dica adicional. En estos casos, se puede requerir la administraci\u00f3n intravenosa para restablecer el equilibrio de hidrataci\u00f3n del cuerpo de manera m\u00e1s r\u00e1pida y efectiva y para los casos de problemas auditivos.<\/p>\n\n\n\n<h2 class=\"wp-block-heading\"><span class=\"ez-toc-section\" id=\"Prevencion_de_la_deshidratacion_y_de_los_problemas_auditivos_y_de_equilibrio\"><\/span>Prevenci\u00f3n de la deshidrataci\u00f3n y de los problemas auditivos y de equilibrio<span class=\"ez-toc-section-end\"><\/span><\/h2>\n\n\n\n<p>Adem\u00e1s de los mencionados tratamientos, existen otras medidas que se pueden tomar para prevenir la deshidrataci\u00f3n y sus s\u00edntomas asociados. Algunas recomendaciones incluyen:<\/p>\n\n\n\n<ul class=\"wp-block-list\">\n<li><strong>Beber suficiente agua: <\/strong>Es importante asegurarse de beber al menos 8 vasos de agua al d\u00eda, y aumentar la ingesta durante los d\u00edas calurosos o cuando se realiza actividad f\u00edsica intensa.<\/li>\n\n\n\n<li><strong>Consumir alimentos ricos en agua: <\/strong>Frutas y verduras como sand\u00eda, pepino, naranjas y fresas contienen altos niveles de agua y pueden ayudar a mantener un buen equilibrio de hidrataci\u00f3n.<\/li>\n\n\n\n<li><strong>Evitar el consumo excesivo de alcohol y cafe\u00edna: <\/strong>Estas sustancias pueden actuar como diur\u00e9ticos y aumentar la p\u00e9rdida de agua del cuerpo.<\/li>\n\n\n\n<li><strong>Vestirse adecuadamente: <\/strong>Usar ropa ligera y de colores claros, que permita la transpiraci\u00f3n y evite el sobrecalentamiento del cuerpo.<\/li>\n\n\n\n<li><strong>Evitar la exposici\u00f3n prolongada al sol: <\/strong>Buscar sombra, especialmente durante las horas m\u00e1s calurosas del d\u00eda, y emplear protecci\u00f3n solar para evitar quemaduras solares que pueden agravar la deshidrataci\u00f3n.<\/li>\n<\/ul>\n\n\n\n<p>Si experimentas mareos, v\u00e9rtigos o ac\u00fafenos, es fundamental no ignorar estos s\u00edntomas y buscar atenci\u00f3n m\u00e9dica si persisten o empeoran. Un especialista podr\u00e1 evaluar tu situaci\u00f3n de manera individualizada, determinar la causa de los s\u00edntomas y recomendar el tratamiento adecuado.<\/p>\n\n\n\n<p>Si deseas saber m\u00e1s o consultarnos tu caso, no dudes en <strong><a href=\"https:\/\/www.ototech.es\/contacto\/\" target=\"_blank\" rel=\"noreferrer noopener\">ponerte en contacto<\/a><\/strong> con nosotros.<\/p>\n","protected":false},"excerpt":{"rendered":"<p>Cuando nuestro cuerpo pierde agua y electrolitos a trav\u00e9s del sudor, esto puede llevar a una serie de problemas, incluidos mareos, v\u00e9rtigos y ac\u00fafenos. Estos s\u00edntomas a menudo est\u00e1n relacionados [&hellip;]<\/p>\n","protected":false},"author":2,"featured_media":6292,"comment_status":"open","ping_status":"open","sticky":false,"template":"","format":"standard","meta":{"site-sidebar-layout":"default","site-content-layout":"","ast-site-content-layout":"default","site-content-style":"default","site-sidebar-style":"default","ast-global-header-display":"","ast-banner-title-visibility":"","ast-main-header-display":"","ast-hfb-above-header-display":"","ast-hfb-below-header-display":"","ast-hfb-mobile-header-display":"","site-post-title":"","ast-breadcrumbs-content":"","ast-featured-img":"","footer-sml-layout":"","theme-transparent-header-meta":"","adv-header-id-meta":"","stick-header-meta":"","header-above-stick-meta":"","header-main-stick-meta":"","header-below-stick-meta":"","astra-migrate-meta-layouts":"set","ast-page-background-enabled":"default","ast-page-background-meta":{"desktop":{"background-color":"","background-image":"","background-repeat":"repeat","background-position":"center center","background-size":"auto","background-attachment":"scroll","background-type":"","background-media":"","overlay-type":"","overlay-color":"","overlay-opacity":"","overlay-gradient":""},"tablet":{"background-color":"","background-image":"","background-repeat":"repeat","background-position":"center center","background-size":"auto","background-attachment":"scroll","background-type":"","background-media":"","overlay-type":"","overlay-color":"","overlay-opacity":"","overlay-gradient":""},"mobile":{"background-color":"","background-image":"","background-repeat":"repeat","background-position":"center center","background-size":"auto","background-attachment":"scroll","background-type":"","background-media":"","overlay-type":"","overlay-color":"","overlay-opacity":"","overlay-gradient":""}},"ast-content-background-meta":{"desktop":{"background-color":"var(--ast-global-color-5)","background-image":"","background-repeat":"repeat","background-position":"center center","background-size":"auto","background-attachment":"scroll","background-type":"","background-media":"","overlay-type":"","overlay-color":"","overlay-opacity":"","overlay-gradient":""},"tablet":{"background-color":"var(--ast-global-color-5)","background-image":"","background-repeat":"repeat","background-position":"center center","background-size":"auto","background-attachment":"scroll","background-type":"","background-media":"","overlay-type":"","overlay-color":"","overlay-opacity":"","overlay-gradient":""},"mobile":{"background-color":"var(--ast-global-color-5)","background-image":"","background-repeat":"repeat","background-position":"center center","background-size":"auto","background-attachment":"scroll","background-type":"","background-media":"","overlay-type":"","overlay-color":"","overlay-opacity":"","overlay-gradient":""}},"footnotes":""},"categories":[11],"tags":[],"class_list":["post-6291","post","type-post","status-publish","format-standard","has-post-thumbnail","hentry","category-salud-auditiva"],"_links":{"self":[{"href":"https:\/\/www.ototech.es\/en\/wp-json\/wp\/v2\/posts\/6291","targetHints":{"allow":["GET"]}}],"collection":[{"href":"https:\/\/www.ototech.es\/en\/wp-json\/wp\/v2\/posts"}],"about":[{"href":"https:\/\/www.ototech.es\/en\/wp-json\/wp\/v2\/types\/post"}],"author":[{"embeddable":true,"href":"https:\/\/www.ototech.es\/en\/wp-json\/wp\/v2\/users\/2"}],"replies":[{"embeddable":true,"href":"https:\/\/www.ototech.es\/en\/wp-json\/wp\/v2\/comments?post=6291"}],"version-history":[{"count":4,"href":"https:\/\/www.ototech.es\/en\/wp-json\/wp\/v2\/posts\/6291\/revisions"}],"predecessor-version":[{"id":7193,"href":"https:\/\/www.ototech.es\/en\/wp-json\/wp\/v2\/posts\/6291\/revisions\/7193"}],"wp:featuredmedia":[{"embeddable":true,"href":"https:\/\/www.ototech.es\/en\/wp-json\/wp\/v2\/media\/6292"}],"wp:attachment":[{"href":"https:\/\/www.ototech.es\/en\/wp-json\/wp\/v2\/media?parent=6291"}],"wp:term":[{"taxonomy":"category","embeddable":true,"href":"https:\/\/www.ototech.es\/en\/wp-json\/wp\/v2\/categories?post=6291"},{"taxonomy":"post_tag","embeddable":true,"href":"https:\/\/www.ototech.es\/en\/wp-json\/wp\/v2\/tags?post=6291"}],"curies":[{"name":"wp","href":"https:\/\/api.w.org\/{rel}","templated":true}]}}