{"id":6140,"date":"2023-04-06T06:00:00","date_gmt":"2023-04-06T06:00:00","guid":{"rendered":"https:\/\/www.ototech.es\/?p=6140"},"modified":"2023-03-14T07:46:43","modified_gmt":"2023-03-14T07:46:43","slug":"clima-puede-perjudicar-audicion","status":"publish","type":"post","link":"https:\/\/www.ototech.es\/en\/blog\/clima-puede-perjudicar-audicion\/","title":{"rendered":"Clima: \u00bfPuede perjudicar a la audici\u00f3n?"},"content":{"rendered":"\n<p>En primavera, como estaci\u00f3n de transici\u00f3n entre el invierno y el verano, el <strong>clima<\/strong> puede ser cambiante y afectar a nuestra salud, como la del o\u00eddo, y por consiguiente, a la audici\u00f3n.<\/p>\n\n\n\n<p>Desde <strong>Ototech, como expertos en <a href=\"https:\/\/www.ototech.es\/hipoacusia\/\" target=\"_blank\" rel=\"noreferrer noopener\">hipoacusia<\/a> y <a href=\"http:\/\/www.ototech.es\/landing-acufenos\" target=\"_blank\" rel=\"noreferrer noopener\">ac\u00fafenos<\/a> en Barcelona<\/strong>, os contamos c\u00f3mo el clima puede afectar la audici\u00f3n, los problemas que puede causar en el o\u00eddo y c\u00f3mo tratar y prevenir estos problemas.<\/p>\n\n\n\n<div id=\"ez-toc-container\" class=\"ez-toc-v2_0_82_2 counter-hierarchy ez-toc-counter ez-toc-custom ez-toc-container-direction\">\n<div class=\"ez-toc-title-container\"><p class=\"ez-toc-title\" style=\"cursor:inherit\">\u00cdndice del art\u00edculo<\/p>\n<\/div><nav><ul class='ez-toc-list ez-toc-list-level-1 ' ><li class='ez-toc-page-1 ez-toc-heading-level-2'><a class=\"ez-toc-link ez-toc-heading-1\" href=\"https:\/\/www.ototech.es\/en\/blog\/clima-puede-perjudicar-audicion\/#Como_el_clima_puede_afectar_la_audicion\" >C\u00f3mo el clima puede afectar la audici\u00f3n<\/a><\/li><li class='ez-toc-page-1 ez-toc-heading-level-2'><a class=\"ez-toc-link ez-toc-heading-2\" href=\"https:\/\/www.ototech.es\/en\/blog\/clima-puede-perjudicar-audicion\/#Problemas_que_puede_causar_el_clima_en_el_oido_y_la_audicion\" >Problemas que puede causar el clima en el o\u00eddo y la audici\u00f3n<\/a><\/li><li class='ez-toc-page-1 ez-toc-heading-level-2'><a class=\"ez-toc-link ez-toc-heading-3\" href=\"https:\/\/www.ototech.es\/en\/blog\/clima-puede-perjudicar-audicion\/#Tratamiento_y_prevencion_de_los_problemas_auditivos_relacionados_con_el_clima\" >Tratamiento y prevenci\u00f3n de los problemas auditivos relacionados con el clima<\/a><\/li><li class='ez-toc-page-1 ez-toc-heading-level-2'><a class=\"ez-toc-link ez-toc-heading-4\" href=\"https:\/\/www.ototech.es\/en\/blog\/clima-puede-perjudicar-audicion\/#Terapia_Ototech_para_los_problemas_auditivos\" >Terapia Ototech para los problemas auditivos<\/a><\/li><\/ul><\/nav><\/div>\n<h2 class=\"wp-block-heading\"><span class=\"ez-toc-section\" id=\"Como_el_clima_puede_afectar_la_audicion\"><\/span>C\u00f3mo el clima puede afectar la audici\u00f3n<span class=\"ez-toc-section-end\"><\/span><\/h2>\n\n\n\n<p>El clima puede tener un impacto significativo en la audici\u00f3n, ya que los cambios en la presi\u00f3n, la temperatura y las precipitaciones pueden afectar la salud del o\u00eddo y causar problemas auditivos. A continuaci\u00f3n detallamos c\u00f3mo act\u00faan todas estas variables:<\/p>\n\n\n\n<ul class=\"wp-block-list\"><li><strong>Presi\u00f3n atmosf\u00e9rica: <\/strong>La presi\u00f3n atmosf\u00e9rica es la presi\u00f3n ejercida por la atm\u00f3sfera sobre la superficie terrestre. Cuando la presi\u00f3n atmosf\u00e9rica cambia repentinamente, puede afectar la audici\u00f3n. Los cambios bruscos en la presi\u00f3n atmosf\u00e9rica pueden causar un barotrauma, dolor de o\u00eddo, <strong>tinnitus<\/strong> (zumbido en los o\u00eddos), p\u00e9rdida temporal de la audici\u00f3n, v\u00e9rtigos y en casos m\u00e1s graves, una rotura del t\u00edmpano.<\/li><li><strong>Temperatura: <\/strong>La temperatura puede tener un efecto en la audici\u00f3n. Cuando las temperaturas son muy altas, puede haber una mayor humedad en el aire, lo que puede aumentar la producci\u00f3n de cerumen en el o\u00eddo y causar una obstrucci\u00f3n. Si el cerumen no se elimina adecuadamente, puede causar una p\u00e9rdida auditiva temporal.<\/li><li><strong>Precipitaciones: <\/strong>Las precipitaciones tambi\u00e9n pueden tener un impacto en la audici\u00f3n. La humedad excesiva puede hacer que el canal auditivo est\u00e9 m\u00e1s h\u00famedo, lo que puede aumentar la probabilidad de infecciones del o\u00eddo. El aumento en los niveles de humedad en el aire, tambi\u00e9n puede aumentar la producci\u00f3n de cerumen.<\/li><\/ul>\n\n\n\n<h2 class=\"wp-block-heading\"><span class=\"ez-toc-section\" id=\"Problemas_que_puede_causar_el_clima_en_el_oido_y_la_audicion\"><\/span>Problemas que puede causar el clima en el o\u00eddo y la audici\u00f3n<span class=\"ez-toc-section-end\"><\/span><\/h2>\n\n\n\n<p>Como hemos avanzado, los principales problemas que puede causar el clima en la audici\u00f3n y el o\u00eddo son:<\/p>\n\n\n\n<ul class=\"wp-block-list\"><li><strong>Infecciones del o\u00eddo:<\/strong> Los cambios en la presi\u00f3n y la humedad pueden aumentar el riesgo de infecciones del o\u00eddo. La humedad excesiva puede hacer que el canal auditivo est\u00e9 m\u00e1s h\u00famedo, lo que puede aumentar la probabilidad de infecciones del o\u00eddo. Las infecciones del o\u00eddo pueden causar dolor de o\u00eddo, fiebre, mareos y p\u00e9rdida auditiva temporal.<\/li><li><strong>Tinnitus:<\/strong> El tinnitus, o <strong>ac\u00fafenos<\/strong>, es una percepci\u00f3n auditiva anormal, como un zumbido, pitido, silbido, que se produce en el o\u00eddo sin la presencia de un sonido externo. Los cambios en la presi\u00f3n atmosf\u00e9rica pueden causar tinnitus, especialmente en personas que ya tienen tinnitus.<\/li><li><strong>P\u00e9rdida de audici\u00f3n temporal:<\/strong> Los cambios en la presi\u00f3n y la temperatura pueden causar una p\u00e9rdida auditiva temporal. Esto se debe a que el movimiento del t\u00edmpano y los huesecillos en el o\u00eddo medio se ve afectado por los cambios en la presi\u00f3n y la temperatura.<\/li><\/ul>\n\n\n\n<h2 class=\"wp-block-heading\"><span class=\"ez-toc-section\" id=\"Tratamiento_y_prevencion_de_los_problemas_auditivos_relacionados_con_el_clima\"><\/span>Tratamiento y prevenci\u00f3n de los problemas auditivos relacionados con el clima<span class=\"ez-toc-section-end\"><\/span><\/h2>\n\n\n\n<p>El tratamiento y la prevenci\u00f3n de los problemas auditivos relacionados con el clima dependen del tipo y la gravedad del problema.<\/p>\n\n\n\n<ul class=\"wp-block-list\"><li><strong>Infecciones del o\u00eddo: <\/strong>Las infecciones del o\u00eddo generalmente se tratan con antibi\u00f3ticos y analg\u00e9sicos. Tambi\u00e9n es importante evitar la exposici\u00f3n al agua durante el tratamiento para evitar que la infecci\u00f3n empeore.<\/li><\/ul>\n\n\n\n<ul class=\"wp-block-list\"><li><strong>Tinnitus y p\u00e9rdida de audici\u00f3n:<\/strong> El tratamiento del tinnitus y de la p\u00e9rdida de audici\u00f3n depende de la causa subyacente. Si son por una infecci\u00f3n del o\u00eddo, se debe tratar la infecci\u00f3n. Si no se soluciona, se deber\u00e1n emplear tratamientos como la <strong>Terapia Ototech.<\/strong><\/li><\/ul>\n\n\n\n<h2 class=\"wp-block-heading\"><span class=\"ez-toc-section\" id=\"Terapia_Ototech_para_los_problemas_auditivos\"><\/span>Terapia Ototech para los problemas auditivos<span class=\"ez-toc-section-end\"><\/span><\/h2>\n\n\n\n<p>En Ototech contamos con la innovadora terapia de <strong><a href=\"https:\/\/www.ototech.es\/terapia\/\" target=\"_blank\" rel=\"noreferrer noopener\">  <\/a><\/strong>. Esta consiste en la aplicaci\u00f3n de una corriente a baja frecuencia en la zona mastoidea del cr\u00e1neo, y gracias al aumento de temperatura local, se promueve el metabolismo celular, y la rehabilitaci\u00f3n de las c\u00e9lulas ciliadas.<\/p>\n\n\n\n<p>Esta terapia es m\u00ednimamente invasiva, segura, c\u00f3moda y con buenos resultados.<\/p>\n\n\n\n<p>Ahora ya conoc\u00e9is acerca del peso del clima en la salud auditiva. Desde Ototech os aconsejamos que cuid\u00e9is siempre de vuestra audici\u00f3n. <strong><a href=\"https:\/\/www.ototech.es\/contacto\/\" target=\"_blank\" rel=\"noreferrer noopener\">Poneos en contacto con nosotros<\/a><\/strong> sin compromiso.<\/p>\n","protected":false},"excerpt":{"rendered":"<p>En primavera, como estaci\u00f3n de transici\u00f3n entre el invierno y el verano, el clima puede ser cambiante y afectar a nuestra salud, como la del o\u00eddo, y por consiguiente, a [&hellip;]<\/p>\n","protected":false},"author":2,"featured_media":6141,"comment_status":"open","ping_status":"open","sticky":false,"template":"","format":"standard","meta":{"site-sidebar-layout":"default","site-content-layout":"","ast-site-content-layout":"default","site-content-style":"default","site-sidebar-style":"default","ast-global-header-display":"","ast-banner-title-visibility":"","ast-main-header-display":"","ast-hfb-above-header-display":"","ast-hfb-below-header-display":"","ast-hfb-mobile-header-display":"","site-post-title":"","ast-breadcrumbs-content":"","ast-featured-img":"","footer-sml-layout":"","theme-transparent-header-meta":"","adv-header-id-meta":"","stick-header-meta":"","header-above-stick-meta":"","header-main-stick-meta":"","header-below-stick-meta":"","astra-migrate-meta-layouts":"default","ast-page-background-enabled":"default","ast-page-background-meta":{"desktop":{"background-color":"","background-image":"","background-repeat":"repeat","background-position":"center center","background-size":"auto","background-attachment":"scroll","background-type":"","background-media":"","overlay-type":"","overlay-color":"","overlay-opacity":"","overlay-gradient":""},"tablet":{"background-color":"","background-image":"","background-repeat":"repeat","background-position":"center center","background-size":"auto","background-attachment":"scroll","background-type":"","background-media":"","overlay-type":"","overlay-color":"","overlay-opacity":"","overlay-gradient":""},"mobile":{"background-color":"","background-image":"","background-repeat":"repeat","background-position":"center center","background-size":"auto","background-attachment":"scroll","background-type":"","background-media":"","overlay-type":"","overlay-color":"","overlay-opacity":"","overlay-gradient":""}},"ast-content-background-meta":{"desktop":{"background-color":"var(--ast-global-color-5)","background-image":"","background-repeat":"repeat","background-position":"center center","background-size":"auto","background-attachment":"scroll","background-type":"","background-media":"","overlay-type":"","overlay-color":"","overlay-opacity":"","overlay-gradient":""},"tablet":{"background-color":"var(--ast-global-color-5)","background-image":"","background-repeat":"repeat","background-position":"center center","background-size":"auto","background-attachment":"scroll","background-type":"","background-media":"","overlay-type":"","overlay-color":"","overlay-opacity":"","overlay-gradient":""},"mobile":{"background-color":"var(--ast-global-color-5)","background-image":"","background-repeat":"repeat","background-position":"center center","background-size":"auto","background-attachment":"scroll","background-type":"","background-media":"","overlay-type":"","overlay-color":"","overlay-opacity":"","overlay-gradient":""}},"footnotes":""},"categories":[11],"tags":[],"class_list":["post-6140","post","type-post","status-publish","format-standard","has-post-thumbnail","hentry","category-salud-auditiva"],"_links":{"self":[{"href":"https:\/\/www.ototech.es\/en\/wp-json\/wp\/v2\/posts\/6140","targetHints":{"allow":["GET"]}}],"collection":[{"href":"https:\/\/www.ototech.es\/en\/wp-json\/wp\/v2\/posts"}],"about":[{"href":"https:\/\/www.ototech.es\/en\/wp-json\/wp\/v2\/types\/post"}],"author":[{"embeddable":true,"href":"https:\/\/www.ototech.es\/en\/wp-json\/wp\/v2\/users\/2"}],"replies":[{"embeddable":true,"href":"https:\/\/www.ototech.es\/en\/wp-json\/wp\/v2\/comments?post=6140"}],"version-history":[{"count":2,"href":"https:\/\/www.ototech.es\/en\/wp-json\/wp\/v2\/posts\/6140\/revisions"}],"predecessor-version":[{"id":6144,"href":"https:\/\/www.ototech.es\/en\/wp-json\/wp\/v2\/posts\/6140\/revisions\/6144"}],"wp:featuredmedia":[{"embeddable":true,"href":"https:\/\/www.ototech.es\/en\/wp-json\/wp\/v2\/media\/6141"}],"wp:attachment":[{"href":"https:\/\/www.ototech.es\/en\/wp-json\/wp\/v2\/media?parent=6140"}],"wp:term":[{"taxonomy":"category","embeddable":true,"href":"https:\/\/www.ototech.es\/en\/wp-json\/wp\/v2\/categories?post=6140"},{"taxonomy":"post_tag","embeddable":true,"href":"https:\/\/www.ototech.es\/en\/wp-json\/wp\/v2\/tags?post=6140"}],"curies":[{"name":"wp","href":"https:\/\/api.w.org\/{rel}","templated":true}]}}