{"id":4187,"date":"2021-01-07T06:00:00","date_gmt":"2021-01-07T06:00:00","guid":{"rendered":"https:\/\/www.ototech.es\/?p=4187"},"modified":"2020-12-16T11:02:49","modified_gmt":"2020-12-16T11:02:49","slug":"demencia","status":"publish","type":"post","link":"https:\/\/www.ototech.es\/en\/blog\/demencia\/","title":{"rendered":"Demencia: \u00bfSon los problemas auditivos una se\u00f1al inicial?"},"content":{"rendered":"\n<p>En el art\u00edculo de hoy vamos a tratar un tema tan sensible como importante. En esta ocasi\u00f3n vamos a hablar de <strong>demencia<\/strong> y de la relaci\u00f3n que puede existir entre padecer problemas auditivos y los trastornos mentales y del envejecimiento.<\/p>\n\n\n\n<p>En <strong>Ototech somos expertos en el tratamiento de ac\u00fafenos en Barcelona<\/strong>, as\u00ed como de todo tipo de problemas relacionados con la audici\u00f3n. Por eso, hoy vamos a desarrollar este interesante tema y vamos a tratar de resolver todas las dudas que puedan surgir al respecto.<\/p>\n\n\n\n<h2 class=\"wp-block-heading\">Demencia: \u00bfcausa o s\u00edntoma?<\/h2>\n\n\n\n<p>Actualmente se sabe que existe una relaci\u00f3n entre la p\u00e9rdida de audici\u00f3n y la demencia. La causa exacta se desconoce. Adem\u00e1s, se barajan dos hip\u00f3tesis sobre el tema, la hipoacusia puede ser un s\u00edntoma de inicio de demencia, o la causa que se acabe desarrollando un problema mental como la demencia.<\/p>\n\n\n\n<p>Diversas investigaciones han demostrado que el aislamiento cognitivo puede llevar a una persona a sufrir deterioro mental severo. El cerebro tiene una capacidad pl\u00e1stica que, de la misma forma que se estimula cuando se realizan actividades y se incentivan retos, se atrofia cuando se carece de ellos.<\/p>\n\n\n\n<p>Una p\u00e9rdida de audici\u00f3n considerable puede llevar a una persona a perder la capacidad de comunicarse correctamente con los dem\u00e1s. El hecho de no poder o\u00edr bien, o de no entender lo que se nos dice, causa frustraci\u00f3n y puede dar pie a equ\u00edvocos que afecten a la autoestima y a la salud mental.<\/p>\n\n\n\n<p>Las personas con hipoacusia tienen un riesgo mucho m\u00e1s alto de padecer demencia debido al aislamiento social que el resto de la poblaci\u00f3n. Por eso, es muy importante detectar este problema de forma precoz.<\/p>\n\n\n\n<p>La baja audici\u00f3n puede tener muchas causas y la mayor\u00eda son tratables si se detectan a&nbsp; tiempo. En Ototech podemos ayudarte a hacer un diagn\u00f3stico completo sobre tu audici\u00f3n o sobre la de ese ser querido que te preocupa, no dudes en llamarnos si es tu caso.<\/p>\n\n\n\n<h2 class=\"wp-block-heading\">\u00bfLa p\u00e9rdida de audici\u00f3n puede ser un s\u00edntoma de demencia?<\/h2>\n\n\n\n<p>En el punto anterior hemos tratado una de las dos hip\u00f3tesis que barajan los expertos acerca de la relaci\u00f3n entre demencia e hipoacusia. Sin embargo, existe tambi\u00e9n la teor\u00eda de que la p\u00e9rdida de audici\u00f3n pueda ser un s\u00edntoma temprano de enfermedades como el Alzheimer.<\/p>\n\n\n\n<p>En ocasiones, es dif\u00edcil darse cuenta de que existe un problema cuando tratamos con una persona mayor. Los despistes, perder un poco de o\u00eddo u olvidarse de algunas cosas cotidianas son algo que consideramos normal a partir de ciertas edades.<\/p>\n\n\n\n<p>Los \u00faltimos estudios realizados acerca de si la p\u00e9rdida auditiva es un s\u00edntoma de demencia han llegado a una conclusi\u00f3n sobre la que se centran ahora la mayor\u00eda de investigaciones. Actualmente se sospecha que el proceso neurodegenerativo que origina la demencia es el mismo que produce la hipoacusia. Con esto no queremos decir que toda persona que pierda audici\u00f3n vaya a desarrollar demencia, sino que puede haber una relaci\u00f3n entre la destrucci\u00f3n de ciertas neuronas cognitivas con las que regulan el proceso auditivo.<\/p>\n\n\n\n<h2 class=\"wp-block-heading\">C\u00f3mo actuar ante la duda de si es p\u00e9rdida auditiva o demencia<\/h2>\n\n\n\n<p>Un diagn\u00f3stico temprano es la mejor herramienta de la que disponemos, ya estemos hablando de demencia, de p\u00e9rdida de audici\u00f3n o de ambas condiciones.<\/p>\n\n\n\n<p>Los tratamientos para mejorar la<strong><a href=\"https:\/\/www.ototech.es\/hipoacusia\/\" target=\"_blank\" rel=\"noreferrer noopener\"> hipoacusia<\/a><\/strong> pueden evitar ese aislamiento social del que habl\u00e1bamos anteriormente. Adem\u00e1s, si se diagnostica un caso de demencia adem\u00e1s del de p\u00e9rdida auditiva, poder escuchar correctamente puede ayudar a que la enfermedad progrese m\u00e1s lentamente. <strong><a href=\"https:\/\/www.ototech.es\/contacto\/\" target=\"_blank\" rel=\"noreferrer noopener\">Llama o escribe a Ototech<\/a><\/strong> y te orientaremos al respecto.<\/p>\n","protected":false},"excerpt":{"rendered":"<p>En el art\u00edculo de hoy vamos a tratar un tema tan sensible como importante. En esta ocasi\u00f3n vamos a hablar de demencia y de la relaci\u00f3n que puede existir entre [&hellip;]<\/p>\n","protected":false},"author":2,"featured_media":4188,"comment_status":"open","ping_status":"open","sticky":false,"template":"","format":"standard","meta":{"site-sidebar-layout":"default","site-content-layout":"default","ast-site-content-layout":"default","site-content-style":"default","site-sidebar-style":"default","ast-global-header-display":"","ast-banner-title-visibility":"","ast-main-header-display":"","ast-hfb-above-header-display":"","ast-hfb-below-header-display":"","ast-hfb-mobile-header-display":"","site-post-title":"","ast-breadcrumbs-content":"","ast-featured-img":"","footer-sml-layout":"","theme-transparent-header-meta":"default","adv-header-id-meta":"","stick-header-meta":"default","header-above-stick-meta":"","header-main-stick-meta":"","header-below-stick-meta":"","astra-migrate-meta-layouts":"default","ast-page-background-enabled":"default","ast-page-background-meta":{"desktop":{"background-color":"","background-image":"","background-repeat":"repeat","background-position":"center center","background-size":"auto","background-attachment":"scroll","background-type":"","background-media":"","overlay-type":"","overlay-color":"","overlay-opacity":"","overlay-gradient":""},"tablet":{"background-color":"","background-image":"","background-repeat":"repeat","background-position":"center center","background-size":"auto","background-attachment":"scroll","background-type":"","background-media":"","overlay-type":"","overlay-color":"","overlay-opacity":"","overlay-gradient":""},"mobile":{"background-color":"","background-image":"","background-repeat":"repeat","background-position":"center center","background-size":"auto","background-attachment":"scroll","background-type":"","background-media":"","overlay-type":"","overlay-color":"","overlay-opacity":"","overlay-gradient":""}},"ast-content-background-meta":{"desktop":{"background-color":"var(--ast-global-color-5)","background-image":"","background-repeat":"repeat","background-position":"center center","background-size":"auto","background-attachment":"scroll","background-type":"","background-media":"","overlay-type":"","overlay-color":"","overlay-opacity":"","overlay-gradient":""},"tablet":{"background-color":"var(--ast-global-color-5)","background-image":"","background-repeat":"repeat","background-position":"center center","background-size":"auto","background-attachment":"scroll","background-type":"","background-media":"","overlay-type":"","overlay-color":"","overlay-opacity":"","overlay-gradient":""},"mobile":{"background-color":"var(--ast-global-color-5)","background-image":"","background-repeat":"repeat","background-position":"center center","background-size":"auto","background-attachment":"scroll","background-type":"","background-media":"","overlay-type":"","overlay-color":"","overlay-opacity":"","overlay-gradient":""}},"footnotes":""},"categories":[12],"tags":[],"class_list":["post-4187","post","type-post","status-publish","format-standard","has-post-thumbnail","hentry","category-patologias"],"_links":{"self":[{"href":"https:\/\/www.ototech.es\/en\/wp-json\/wp\/v2\/posts\/4187","targetHints":{"allow":["GET"]}}],"collection":[{"href":"https:\/\/www.ototech.es\/en\/wp-json\/wp\/v2\/posts"}],"about":[{"href":"https:\/\/www.ototech.es\/en\/wp-json\/wp\/v2\/types\/post"}],"author":[{"embeddable":true,"href":"https:\/\/www.ototech.es\/en\/wp-json\/wp\/v2\/users\/2"}],"replies":[{"embeddable":true,"href":"https:\/\/www.ototech.es\/en\/wp-json\/wp\/v2\/comments?post=4187"}],"version-history":[{"count":1,"href":"https:\/\/www.ototech.es\/en\/wp-json\/wp\/v2\/posts\/4187\/revisions"}],"predecessor-version":[{"id":4189,"href":"https:\/\/www.ototech.es\/en\/wp-json\/wp\/v2\/posts\/4187\/revisions\/4189"}],"wp:featuredmedia":[{"embeddable":true,"href":"https:\/\/www.ototech.es\/en\/wp-json\/wp\/v2\/media\/4188"}],"wp:attachment":[{"href":"https:\/\/www.ototech.es\/en\/wp-json\/wp\/v2\/media?parent=4187"}],"wp:term":[{"taxonomy":"category","embeddable":true,"href":"https:\/\/www.ototech.es\/en\/wp-json\/wp\/v2\/categories?post=4187"},{"taxonomy":"post_tag","embeddable":true,"href":"https:\/\/www.ototech.es\/en\/wp-json\/wp\/v2\/tags?post=4187"}],"curies":[{"name":"wp","href":"https:\/\/api.w.org\/{rel}","templated":true}]}}